{"id":371,"date":"2025-05-26T10:47:39","date_gmt":"2025-05-26T08:47:39","guid":{"rendered":"http:\/\/triangle-de-weimar.org\/?p=371"},"modified":"2025-10-08T21:46:55","modified_gmt":"2025-10-08T19:46:55","slug":"gymnasiasten-auf-den-spuren-der-digitalisierung","status":"publish","type":"post","link":"http:\/\/triangle-de-weimar.org\/index.php\/2025\/05\/26\/gymnasiasten-auf-den-spuren-der-digitalisierung\/","title":{"rendered":"Gymnasiasten auf den Spuren der Digitalisierung"},"content":{"rendered":"\n<figure class=\"wp-block-image\"><img loading=\"lazy\" decoding=\"async\" width=\"1024\" height=\"293\" src=\"http:\/\/triangle-de-weimar.org\/wp-content\/uploads\/2025\/05\/DFJW_WMD_DPJW_Logo-Label-2-1024x293.png\" alt=\"\" class=\"wp-image-372\" srcset=\"http:\/\/triangle-de-weimar.org\/wp-content\/uploads\/2025\/05\/DFJW_WMD_DPJW_Logo-Label-2-1024x293.png 1024w, http:\/\/triangle-de-weimar.org\/wp-content\/uploads\/2025\/05\/DFJW_WMD_DPJW_Logo-Label-2-300x86.png 300w, http:\/\/triangle-de-weimar.org\/wp-content\/uploads\/2025\/05\/DFJW_WMD_DPJW_Logo-Label-2-768x219.png 768w, http:\/\/triangle-de-weimar.org\/wp-content\/uploads\/2025\/05\/DFJW_WMD_DPJW_Logo-Label-2-500x143.png 500w\" sizes=\"auto, (max-width: 1024px) 100vw, 1024px\" \/><\/figure>\n\n\n\n<h2 class=\"wp-block-heading\"> Ausschreibung zur Einreichung von Beitr\u00e4gen (Poster) von Gymnasiasten im Rahmen des trilateralen Projekts des Weimarer Dreiecks zum Thema \u00a0\u00bb Die Rolle der Jugend im Bereich der digitalen Technologien im Dienste eines starken und geeigneten Europas\u00a0\u00bb <\/h2>\n\n\n\n<p>Der franz\u00f6sische Verein \u201eWeimarer Dreieck\u201c organisiert in Zusammenarbeit mit den<br> Partnervereinen Weimarer Dreieck e.V. in Deutschland und Trojkat Weimarski in Polen eine Ausschreibung f\u00fcr Beitr\u00e4ge von Gymnasiasten aus den drei L\u00e4ndern, Deutschland, Frankreich und Polen, in denen das Potential digitaler Technologien im Dienste eines starken und geeinten Europas und die Rolle der Jugend in diesem Prozess thematisiert werden sollen.<br>In Deutschland, Frankreich und Polen sollen Sch\u00fclerinnen und Sch\u00fcler der Oberstufe nach dem Einfluss der Digitalisierung in ihrem jeweiligen Land und in Europa suchen.<br>Wie kann K\u00fcnstliche Intelligenz (KI) Europa dienen und es st\u00e4rker machen, warum ist<br>Cybersicherheit ein gesamteurop\u00e4isches Thema und was denken junge Menschen \u00fcber die Nutzung neuer Technologien f\u00fcr ein starkes und geeintes Europa ?<\/p>\n\n\n\n<h2 class=\"wp-block-heading\">Pr\u00e4sentation<\/h2>\n\n\n\n<p>Der franz\u00f6sische Verein \u201eWeimarer Dreieck\u201c ruft in Zusammenarbeit mit den Partnervereinen Weimarer Dreieck e.V. in Deutschland und Trojkat Weimarski in Polen Sch\u00fclerinnen und Sch\u00fcler der Oberstufe in den drei L\u00e4ndern des Weimarer Dreiecks \u2013Deutschland, Frankreichund Polen &#8211; zu Beitr\u00e4gen \u00fcber die Zukunft der neuen Technologien f\u00fcr ein starkes und geeintes Europa auf.  <br>Das Weimarer Dreieck, ein trinationaler Verein, der sich f\u00fcr die Verst\u00e4ndigung und<br>Zusammenarbeit in Europa einsetzt, stellt die Frage nach der Rolle der Jugend bei der Entwicklung neuer Technologien. Sie bietet Gymnasiastenan, anhand mehrerer Poster \u00dcberlegungen dar\u00fcber anzustellen, wie die Jugend eine Zusammenarbeit f\u00fcr eine gemeinsame vern\u00fcnftige Nutzung in Bereichen wie Cybersicherheit und K\u00fcnstliche Intelligenz in Europa in Betracht ziehen kann.  <br>Aktuell lassen sich zwei gegenl\u00e4ufige Tendenzen erkennen: Einerseits beunruhigt die<br>zunehmende Pr\u00e4senz K\u00fcnstlicher Intelligenz in allen Bereichen menschlichen Handelns, andererseits wird sie glorifiziert. Kritik und Lob sind allgegenw\u00e4rtig. Die KI ist bereits Gegenstand von Debatten und offenbart mitunter ihre eigenen Grenzen.  <br>Ebenso bedarf die Bedeutung der Cybersicherheit keiner weiteren Erkl\u00e4rung. Sie ist unerl\u00e4sslich, um unsere L\u00e4nder im Bereich der neuen Technologien vor Angriffen aller Art zu sch\u00fctzen.<br>Die Cybersicherheit bleibt ein gro\u00dfes Problem, das es zu l\u00f6sen gilt. <\/p>\n\n\n\n<h2 class=\"wp-block-heading\">Kontextualisierung<\/h2>\n\n\n\n<p>Durch eine gemeinsame Erkl\u00e4rung der damaligen Au\u00dfenminister Roland Dumas, Hans-Dietrich Genscher und Krzysztof Skubiszewski wurde am 29. August 1991 nach dem Ende des Kalten Krieges das \u201eWeimarer Dreieck\u201c gegr\u00fcndet, um die Zusammenarbeit zwischen den drei L\u00e4ndern und das gegenseitige Verst\u00e4ndnis zu f\u00f6rdern. <br>Das \u201eWeimarer Dreieck\u201c ist der Beweis f\u00fcr einen erfolgreichen Vers\u00f6hnungsprozess zwischen Deutschland, Frankreich und Polen nach den Schrecken des Zweiten Weltkriegs. Auf Regierungsebene finden regelm\u00e4\u00dfige Konsultationen zwischen den drei L\u00e4ndern zu Fragen der Europa- und Au\u00dfenpolitik statt. <br>In Frankreich wurde 2015 der Verein \u201eWeimarer Dreieck\u201c gegr\u00fcndet, um zus\u00e4tzlich zum Engagement der Staaten auch die Beteiligung der franz\u00f6sischen Zivilgesellschaft an trilateralen europ\u00e4ischen Projekten zu f\u00f6rdern. Es handelt sich um einen Zusammenschluss von B\u00fcrgern und Vertretern aus Politik, Bildung, Kultur und Wirtschaft. <br>Nach mehreren Projekten, die in den letzten zehn Jahren seit der Gr\u00fcndung unseres Vereins initiiert und durchgef\u00fchrt wurden, wird sich das n\u00e4chste Projekt mit aktuellen Themen wie der Digitalisierung, der europ\u00e4ischen Zusamenarbeit und der Rolle junger Europ\u00e4er in einem starken und geeinten Europa von morgen befassen. <br>Beim Wiederaufbau Europas spielten die Entwicklung der Mittel zur Vermittlung und Verbreitung von Wisseneine entscheidende Rolle und niemand kann bestreiten, dass das Potenzial der neuen Technologien noch lange nicht ausgesch\u00f6pft ist.  <br>Die Zukunft der neuen Technologien ist f\u00fcr uns von besonderer Relevanz, denn sie sind das neue Kommunikations- und Informationsmittel, mit dem die europ\u00e4ischen B\u00fcrgerinnen und B\u00fcrger umgehen m\u00fcssen.  <br>Wie l\u00e4sst sich in Europa eine gemeinsame Politik bei der Nutzung dieser neuen Werkzeuge vereinbaren ? <br>Welche gemeinsame europ\u00e4ische Linie l\u00e4sst sich finden, um geeint, stark und verantwortungsbewusst in einer Welt zu agieren, die von teils gegens\u00e4tzlichen Werten zerrissen ist ?  <br>Welche gemeinsame europ\u00e4ische Linie l\u00e4sst sich finden, um geeint, stark und verantwortungsbewusst in einer Welt zu agieren, die von teils gegens\u00e4tzlichen Werten zerrissen ist ?   <br>Die Mobilisierung der j\u00fcngeren Generationen ist eine Grundvoraussetzung, um die Tragweite der neuen gesellschaftlichen Entwicklungen, die sich durch den Einsatz dieser neuen Technologien ergeben, zu erfassen und sich aktiv an der Etablierung einer Werteordnung und deren Umsetzung zu beteiligen, die unseren europ\u00e4ischen \u00dcberzeugungen entspricht. <br><\/p>\n\n\n\n<h2 class=\"wp-block-heading\">Aufruf zur Einreichung von Beitr\u00e4gen<\/h2>\n\n\n\n<p>Der franz\u00f6sische Verein \u201eWeimarer Dreieck\u201c fordert Gymnasiasten in Deutschland, Frankreich und Polen auf, sich mit diesem Thema auseinanderzusetzen und als Klassenprojekt oder in Kooperation mit Hochschulstudierenden zum angegebenen Thema Poster zu erstellen : <strong>Die Rolle der Jugend im Bereich der digitalen Technologien im Dienste eines starken und geeigneten Europas<\/strong><\/p>\n\n\n\n<h2 class=\"wp-block-heading\">Ziele des Projekts<\/h2>\n\n\n\n<p>Die Poster k\u00f6nnen Themen wie KI, Cybersicherheit, Europa und die europ\u00e4ische Jugend ansprechen und einen Standpunkt darlegen, wobei Europa als gemeinsamer Wert betrachtet wird. Es wird auch erwartet, dass die Sch\u00fclerinnen und Sch\u00fcler parallel zum Poster einen erkl\u00e4renden Text verfassen, in dem sie ihre wichtigsten Ideen zu dem vorgegebenen Thema und ihre Wahl f\u00fcr den Inhalt des Posters darlegen. <br>Die gesammelten Plakate werden eine Vision der Gymnasiasten aus den drei L\u00e4ndern ausdr\u00fccken, die ihr\/e Lehrer\/inbei der Debatte im November in der polnischen Botschaft vorstellen wird.  <br>Die gesammelten Plakate werden eine Vision der Gymnasiasten aus den drei L\u00e4ndern ausdr\u00fccken, die ihr\/e Lehrer\/inbei der Debatte im Oktober in der polnischen Botschaft vorstellen wird.  <br>Jede teilnehmende Klasse wird bedankt und erh\u00e4lt kleine \u00dcberraschungssouvenirs aus Frankreich.   <br>Jede teilnehmende Schule wird ein Heft \u00fcber das Projekt und eine Kopie aller in den drei L\u00e4ndern erstellten Poster erhalten, um eine Ausstellung in der Schule zu organisieren. <br><\/p>\n\n\n\n<h2 class=\"wp-block-heading\">Realisierung <\/h2>\n\n\n\n<ul class=\"wp-block-list\"><li>A1 Format<br> -Auf jedem Poster m\u00fcssen der Titel, der Name der Schule, die Klasse, die Landesflagge sowie das Symbol des Weimarer Dreiecks und des DFJW erscheinen.<\/li><li>Titel und Bildunterschriften m\u00fcssen in der Muttersprache verfasst sein.<\/li><li>Die Gymnasiastenk\u00f6nnen alle m\u00f6glichen Darstellungsformen verwenden (Zeichnungen, Fotos, Schemata, Comics, Karten, Texte\u2026).<\/li><li>Die \u00dcberlegung muss verst\u00e4ndlich sein und einen Bezug zu Europa haben.<\/li><li>Die Gymnasiasten k\u00f6nnen sich Lekt\u00fcre und Artikel aneignen und eigene Untersuchungen anstellen, um das Poster zu gestalten.<\/li><li>Die Sch\u00fcler\/innen sollten sich m\u00f6glichst mit den Sch\u00fclern\/innen, die am Essay-Wettbewerb teilnehmen, \u00fcber ihr Projekt austauschen. (Gedanken \u00fcber die Digitalisierung, ihre Auswirkungen auf Europa, europ\u00e4ische L\u00f6sungen\u2026) Sie nutzen die von ihnen gew\u00fcnschten Austauschm\u00f6glichkeiten (virtueller Austausch, Austausch innerhalb der Schule) entsprechend ihren M\u00f6glichkeiten. Der\/die Lehrer\/inkann w\u00e4hrend der Debatte \u00fcber den Austausch berichten.<\/li><\/ul>\n\n\n\n<h2 class=\"wp-block-heading\">Kommunikation<\/h2>\n\n\n\n<p>Jedes Poster muss in digitaler Form an den Verein Weimarer Dreieck gesendet werden : <strong>association@triangle-de-weimar.org<\/strong><\/p>\n\n\n\n<h2 class=\"wp-block-heading\">Fristen<\/h2>\n\n\n\n<p>Die Poster m\u00fcssen bis zum 10. Oktober 2025 eintreffen<\/p>\n\n\n\n<h2 class=\"wp-block-heading\">Auswahl des Posters une Pr\u00e4sentation<\/h2>\n\n\n\n<p>Die Poster werden an das Weimarer Dreieck gesandt, das im Rahmen des Auswahlkomitees einen Preistr\u00e4ger pro Land bestimmt.<br>Die Poster der Preistr\u00e4ger werden von einem Vertreter jedes preisgekr\u00f6nten Gymnasiums vorgestellt, der zur Teilnahme an der Debatte in der polnischen Botschaft in Paris eingeladen wird.<br>Die Poster werden im Polnischen Institut Paris in Verbindung mit der Ausstellung \u00fcber das Weimarer Dreieck ausgestellt.<\/p>\n\n\n\n<h2 class=\"wp-block-heading\">Finanzielle Unterst\u00fctzung <\/h2>\n\n\n\n<p>F\u00fcr die Durchf\u00fchrung des Projekts wird eine Unterst\u00fctzung f\u00fcr die Reproduktions- und Versandkosten f\u00fcr jede teilnehmende Klasse gew\u00e4hrt. <br>Bitte z\u00f6gern Sie nicht, uns bei weiteren Fragen zu kontaktieren : association@triangle-de-weimar.org <br><\/p>\n\n\n\n<ul class=\"wp-block-gallery columns-0 is-cropped wp-block-gallery-1 is-layout-flex wp-block-gallery-is-layout-flex\"><\/ul>\n","protected":false},"excerpt":{"rendered":"<p>Ausschreibung zur Einreichung von Beitr\u00e4gen (Poster) von Gymnasiasten im Rahmen des trilateralen Projekts des Weimarer Dreiecks zum Thema \u00a0\u00bb Die Rolle der Jugend im Bereich der digitalen Technologien im Dienste eines starken und geeigneten Europas\u00a0\u00bb Der franz\u00f6sische Verein \u201eWeimarer Dreieck\u201c &hellip; <a href=\"http:\/\/triangle-de-weimar.org\/index.php\/2025\/05\/26\/gymnasiasten-auf-den-spuren-der-digitalisierung\/\">Continuer la lecture <span class=\"meta-nav\">&rarr;<\/span><\/a><\/p>\n","protected":false},"author":1,"featured_media":0,"comment_status":"closed","ping_status":"closed","sticky":false,"template":"","format":"gallery","meta":{"footnotes":""},"categories":[1],"tags":[],"class_list":["post-371","post","type-post","status-publish","format-gallery","hentry","category-non-classe","post_format-post-format-gallery"],"_links":{"self":[{"href":"http:\/\/triangle-de-weimar.org\/index.php\/wp-json\/wp\/v2\/posts\/371","targetHints":{"allow":["GET"]}}],"collection":[{"href":"http:\/\/triangle-de-weimar.org\/index.php\/wp-json\/wp\/v2\/posts"}],"about":[{"href":"http:\/\/triangle-de-weimar.org\/index.php\/wp-json\/wp\/v2\/types\/post"}],"author":[{"embeddable":true,"href":"http:\/\/triangle-de-weimar.org\/index.php\/wp-json\/wp\/v2\/users\/1"}],"replies":[{"embeddable":true,"href":"http:\/\/triangle-de-weimar.org\/index.php\/wp-json\/wp\/v2\/comments?post=371"}],"version-history":[{"count":3,"href":"http:\/\/triangle-de-weimar.org\/index.php\/wp-json\/wp\/v2\/posts\/371\/revisions"}],"predecessor-version":[{"id":382,"href":"http:\/\/triangle-de-weimar.org\/index.php\/wp-json\/wp\/v2\/posts\/371\/revisions\/382"}],"wp:attachment":[{"href":"http:\/\/triangle-de-weimar.org\/index.php\/wp-json\/wp\/v2\/media?parent=371"}],"wp:term":[{"taxonomy":"category","embeddable":true,"href":"http:\/\/triangle-de-weimar.org\/index.php\/wp-json\/wp\/v2\/categories?post=371"},{"taxonomy":"post_tag","embeddable":true,"href":"http:\/\/triangle-de-weimar.org\/index.php\/wp-json\/wp\/v2\/tags?post=371"}],"curies":[{"name":"wp","href":"https:\/\/api.w.org\/{rel}","templated":true}]}}