{"id":359,"date":"2025-05-27T12:10:11","date_gmt":"2025-05-27T10:10:11","guid":{"rendered":"http:\/\/triangle-de-weimar.org\/?p=359"},"modified":"2025-10-08T21:46:12","modified_gmt":"2025-10-08T19:46:12","slug":"nouveau-projet-numerique","status":"publish","type":"post","link":"http:\/\/triangle-de-weimar.org\/index.php\/2025\/05\/27\/nouveau-projet-numerique\/","title":{"rendered":"Appel \u00e0 candidatures"},"content":{"rendered":"\n<ul class=\"wp-block-gallery columns-1 is-cropped wp-block-gallery-1 is-layout-flex wp-block-gallery-is-layout-flex\"><li class=\"blocks-gallery-item\"><figure><img loading=\"lazy\" decoding=\"async\" width=\"1024\" height=\"293\" src=\"http:\/\/triangle-de-weimar.org\/wp-content\/uploads\/2025\/05\/DFJW_WMD_DPJW_Logo-Label-1024x293.png\" alt=\"\" data-id=\"362\" data-link=\"http:\/\/triangle-de-weimar.org\/index.php\/2025\/05\/24\/nouveau-projet-numerique\/dfjw_wmd_dpjw_logo-label\/\" class=\"wp-image-362\" srcset=\"http:\/\/triangle-de-weimar.org\/wp-content\/uploads\/2025\/05\/DFJW_WMD_DPJW_Logo-Label-1024x293.png 1024w, http:\/\/triangle-de-weimar.org\/wp-content\/uploads\/2025\/05\/DFJW_WMD_DPJW_Logo-Label-300x86.png 300w, http:\/\/triangle-de-weimar.org\/wp-content\/uploads\/2025\/05\/DFJW_WMD_DPJW_Logo-Label-768x219.png 768w, http:\/\/triangle-de-weimar.org\/wp-content\/uploads\/2025\/05\/DFJW_WMD_DPJW_Logo-Label-500x143.png 500w\" sizes=\"auto, (max-width: 1024px) 100vw, 1024px\" \/><\/figure><\/li><\/ul>\n\n\n\n<p>\u00ab LE R\u00d4LE DE LA JEUNESSE DANS LES TECHNOLOGIES NUM\u00c9RIQUES  <br>AU SERVICE D&rsquo;UNE EUROPE FORTE ET UNIE \u00bb <\/p>\n\n\n\n<p>L\u2019Association fran\u00e7aise \u00ab Triangle de Weimar \u00bb organise, en coop\u00e9ration avec les associations partenaires Weimarer Dreieck e.V. en Allemagne et Trojkat Weimarski en Pologne, un appel \u00e0 candidatures pour les \u00e9tudiants de diff\u00e9rentes disciplines des trois pays du Triangle de Weimar, la France, la Pologne et l&rsquo;Allemagne, sur l\u2019avenir des nouvelles technologies au service d\u2019une Europe forte et unie et sur le r\u00f4le de la jeunesse dans ce processus. <br>Le Triangle de Weimar, un forum trilat\u00e9ral engag\u00e9e pour l&rsquo;entente et la coop\u00e9ration en Europe, s\u2019interroge sur le r\u00f4le de la jeunesse dans le d\u00e9veloppement des nouvelles technologies.<br> L\u2019Association fran\u00e7aise \u00ab Triangle de Weimar \u00bb propose aux \u00e9tudiants de mener une r\u00e9flexion \u00e0 travers un essai sur la mani\u00e8re dont les jeunes europ\u00e9ens peuvent collaborer aujourd&rsquo;hui et \u00e0 l&rsquo;avenir dans le cadre d\u2019une perspective \u00e9thique europ\u00e9enne dans les domaines tels que la Cybers\u00e9curit\u00e9 et l\u2019Intelligence Artificielle , afin de construire une Europe encore plus forte et plus unie.<br> Aujourd\u2019hui, deux tendances contradictoires sont pr\u00e9sentes: les esprits s\u2019inqui\u00e8tent ou alors glorifient l\u2019Intelligence Artificielle de plus en plus pr\u00e9sente dans tous les domaines de l\u2019activit\u00e9 humaine. Les critiques et les \u00e9loges abondent. Elle fait d\u00e9j\u00e0 d\u00e9bat et montre parfois ses limites. De m\u00eame, l\u2019importance de la Cybers\u00e9curit\u00e9 n\u2019est plus \u00e0 d\u00e9montrer. C\u2019est une n\u00e9cessit\u00e9 pour maintenir nos pays \u00e0 l\u2019abri des agressions de tout type dans le domaine des nouvelles technologies. La Cybers\u00e9curit\u00e9 reste un probl\u00e8me majeur \u00e0 r\u00e9soudre. <\/p>\n\n\n\n<h2 class=\"wp-block-heading\">LE CONTEXTE<\/h2>\n\n\n\n<p>C\u2019est dans une d\u00e9claration conjointe des ministres des affaires \u00e9trang\u00e8res de l\u2019\u00e9poque, Roland Dumas, Hans-Dietrich Genscher et Krzysztof Skubiszewski, que le \u00ab Triangle de Weimar \u00bb a \u00e9t\u00e9 fond\u00e9 le 29 ao\u00fbt 1991 apr\u00e8s la fin de la guerre froide pour promouvoir la compr\u00e9hension et le partenariat des trois pays.<br> Le \u00ab Triangle de Weimar \u00bb est la preuve d\u2018un processus de r\u00e9conciliation r\u00e9ussi entre l\u2019Allemagne, la Pologne et la France apr\u00e8s les horreurs de la Seconde Guerre mondiale. Des consultations r\u00e9guli\u00e8res entre les trois pays sur les questions de politique europ\u00e9enne et \u00e9trang\u00e8re ont lieu au niveau gouvernemental.<br> L&rsquo;association \u00ab Triangle de Weimar \u00bb a \u00e9t\u00e9 cr\u00e9\u00e9e en France en 2015 pour faciliter la participation de la soci\u00e9t\u00e9 civile fran\u00e7aise \u00e0 des projets trilat\u00e9raux europ\u00e9ens, en parall\u00e8le de l&rsquo;engagement des \u00c9tats. C\u2018est une association de citoyens et de repr\u00e9sentants des milieux politique, \u00e9ducatif, culturel et \u00e9conomique.<br> L&rsquo;avenir des nouvelles technologies concerne tous les pays europ\u00e9ens et tous les Europ\u00e9ens, car il s&rsquo;agit du nouveau vecteur de communication et d&rsquo;information avec lequel les futurs citoyens europ\u00e9ens doivent \u00eatre form\u00e9s.<br> C&rsquo;est un fait que l&rsquo;Europe s&rsquo;est reconstruite en suivant l&rsquo;\u00e9volution de nos moyens de transmission et de diffusion des connaissances. Il est \u00e9vident qu&rsquo;aujourd&rsquo;hui, que ces nouvelles technologies s&rsquo;\u00e9tendent de plus en plus.<br> Comment concilier en Europe une politique commune dans les usages de ces nouveaux outils ?<br> Comment trouver une approche commune pour que l&rsquo;Europe reste unie, forte et responsable dans un monde \u00e9cartel\u00e9 par des valeurs parfois contradictoires ?<br> O\u00f9 trouver les leviers pour affirmer une politique commune entre nos pays europ\u00e9ens et comment impliquer la jeunesse dans des valeurs \u00e9thiques et d\u00e9mocratiques susceptibles de f\u00e9d\u00e9rer nos pays ?<br> La mobilisation de notre jeunesse est primordiale pour comprendre les enjeux des nouveaux aspects de notre soci\u00e9t\u00e9 et participer \u00e0 la mise en \u0153uvre d\u2019une \u00e9thique et d\u2019un usage conforme \u00e0 nos valeurs europ\u00e9ennes qui se jouent au travers ces nouvelles technologies.<br><\/p>\n\n\n\n<h2 class=\"wp-block-heading\">A VOS ESSAIS<\/h2>\n\n\n\n<p>L\u2019Association \u00ab Triangle de Weimar \u00bb invite les \u00e9tudiants fran\u00e7ais, polonais et allemands \u00e0 \u00e9crire un essai individuel ou en bin\u00f4me.<\/p>\n\n\n\n<p><strong><u>Sujet :<\/u> Dans le domaine des technologies num\u00e9riques, qui \u00e9voluent aujourd&rsquo;hui \u00e0 un rythme effr\u00e9n\u00e9, comment les jeunes Europ\u00e9ens peuvent-ils \u0153uvrerau service d&rsquo;une Europe forte et unie, en tenant compte \u00e0 la fois des nouveaux outils num\u00e9riques pour les grands d\u00e9fis soci\u00e9taux tels que la guerre, l&rsquo;environnement et la sant\u00e9, et des consid\u00e9rations \u00e9thiques et politiques ?<\/strong><\/p>\n\n\n\n<p>L\u2019essai devra \u00eatre une r\u00e9flexion probl\u00e9matis\u00e9e et argument\u00e9e \u00e0 partir du sujet propos\u00e9, mais aussi apporter des solutions concr\u00e8tes applicables en Europe. Il comptera entre 2000 et 3000 mots et s\u2019appuiera sur des recherches dans les trois pays, sur des r\u00e9flexions personnelles et des exemples de solidarit\u00e9, de compr\u00e9hension mutuelle et de partage des connaissances.<br> Les essais peuvent \u00eatre r\u00e9dig\u00e9s en tant que travail individuel ou en tant que travail en bin\u00f4me.<br> L&rsquo;association du Triangle de Weimar, en collaboration avec les associations partenaires en Allemagne et en Pologne, s\u00e9lectionnera les trois meilleurs essais, un par pays, qui seront les gagnants du concours et r\u00e9compensera \u00e9galement les essais d&rsquo;autres candidats qui seront remarqu\u00e9s pour la qualit\u00e9 de leur travail.<\/p>\n\n\n\n<p><\/p>\n\n\n\n<p>Les essais d&rsquo;autres candidats qui seront remarqu\u00e9s pour la qualit\u00e9 de leur travail.<br> L\u2019essai pourra \u00eatre \u00e9crit dans la langue choisie par le candidat : Fran\u00e7ais, Allemand, Polonais<br> <u>Date limite d\u2019envoi des propositions : <\/u>4 octobre 2025<\/p>\n\n\n\n<h2 class=\"wp-block-heading\">LE PRIX<\/h2>\n\n\n\n<p>\u25cf Une semaine \u00e0 Paris (premi\u00e8re quinzaine d&rsquo;octobre 2025) financ\u00e9e par le Triangle de Weimar, l\u2019OFAJ et diverses institutions<br> \u25cf Les laur\u00e9ats du concours seront invit\u00e9s \u00e0 d\u00e9battre avec des personnalit\u00e9s et des experts en nouvelles technologies des trois pays \u00e0 l\u2019ambassade de Pologne \u00e0 Paris<br> \u25cf Les meilleurs essais seront rassembl\u00e9s et publi\u00e9s dans une \u00e9dition trilingue<br> \u25cf Les \u00e9tudiants prim\u00e9s participeront \u00e0 la semaine de rencontre et assisteront au d\u00e9bat<\/p>\n\n\n\n<h2 class=\"wp-block-heading\">Principaux points du programme de la semaine \u00e0 Paris<\/h2>\n\n\n\n<ul class=\"wp-block-list\"><li>Accueil \u00e0 l\u2019Isep, l\u2019Ecole d\u2019ing\u00e9nieurs du Num\u00e9rique de Paris, Partenaire officiel fran\u00e7ais du projet<\/li><li>D\u00e9bat \u00e0 l\u2019ambassade de Pologne<\/li><li>Visite de l&rsquo;exposition \u00ab Le Triangle de Weimar \u00bb \u00e0 l&rsquo;Institut polonais<\/li><li>Visite d&rsquo;institutions europ\u00e9ennes<\/li><li>\u00ab L\u2019\u00e9volution des techniques \u00bb : Visite des lieux embl\u00e9matiques de l\u2019histoire des technologies au conservatoire national des arts et m\u00e9tiers et \u00e0 l\u2019espace d\u00e9di\u00e9 \u00e0 la Villette<\/li><li>Repas commun pour favoriser les \u00e9changes entre les partenaires<\/li><li>Rencontres \u00e0 l&rsquo;Isep avec des tables rondes et des \u00e9changes avec des universitaires<\/li><li>Rencontre avec les lyc\u00e9ens<\/li><li>D\u00e9couverte de la langue des partenaires<br> Financement du voyage \u00e0 Paris (h\u00e9bergement, Trajet A et R, transport pour la semaine et frais du parcours)<br> Pour les \u00e9tudiants fran\u00e7ais, les frais du parcours et l\u2019h\u00e9bergement si n\u00e9cessaire sera inclus.<br> Pour les activit\u00e9s de loisirs, une petite participation aux frais de 20 \u20ac est demand\u00e9e comme cotisation \u00e0 l&rsquo;association.<\/li><\/ul>\n\n\n\n<h2 class=\"wp-block-heading\">Conditions de participation<\/h2>\n\n\n\n<p>\u25cf \u00catre \u00e9tudiant en Licence ou en Master dans un \u00e9tablissement d&rsquo;enseignement sup\u00e9rieur europ\u00e9en<br> \u25cf Fournir le formulaire d\u2019inscription compl\u00e9t\u00e9<br> \u25cf Fournir une copie de la carte \u00e9tudiante et de la carte d\u2019identit\u00e9<br> \u25cf Envoi de tous les documents n\u00e9cessaires \u00e0 l\u2019inscription : <strong>au plus tard le 8 septembre 2025<\/strong><br> \u25cf Envoi des essais : <strong>au plus tard le 4 octobre 2025<\/strong><br> \u25cf Par courriel en format PDF \u00e0 : <u><strong>association@triangle-de-weimar.org<\/strong><\/u><br> Contact : Pour toute question sur le concours, contactez :<br> L\u2019Association du Triangle de Weimar : association@triangle-de-weimar.org<\/p>\n\n\n\n<h2 class=\"wp-block-heading\">Veuillez pour cela nous faire parvenir ce document rempli pour valider votre inscription<\/h2>\n\n\n\n<div class=\"wp-block-file\"><a href=\"http:\/\/triangle-de-weimar.org\/wp-content\/uploads\/2025\/05\/Formulaire-inscription-projet-num\u00e9rique-Triangle-de-Weimar.pdf\">Formulaire inscription projet num\u00e9rique Triangle de Weimar<\/a><a href=\"http:\/\/triangle-de-weimar.org\/wp-content\/uploads\/2025\/05\/Formulaire-inscription-projet-num\u00e9rique-Triangle-de-Weimar.pdf\" class=\"wp-block-file__button\" download>T\u00e9l\u00e9charger<\/a><\/div>\n\n\n\n<p><strong><em>Construisons ensemble l\u2019Europe num\u00e9rique de demain !<\/em><\/strong><\/p>\n","protected":false},"excerpt":{"rendered":"<p>\u00ab LE R\u00d4LE DE LA JEUNESSE DANS LES TECHNOLOGIES NUM\u00c9RIQUES AU SERVICE D&rsquo;UNE EUROPE FORTE ET UNIE \u00bb L\u2019Association fran\u00e7aise \u00ab Triangle de Weimar \u00bb organise, en coop\u00e9ration avec les associations partenaires Weimarer Dreieck e.V. en Allemagne et Trojkat Weimarski &hellip; <a href=\"http:\/\/triangle-de-weimar.org\/index.php\/2025\/05\/27\/nouveau-projet-numerique\/\">Continuer la lecture <span class=\"meta-nav\">&rarr;<\/span><\/a><\/p>\n","protected":false},"author":1,"featured_media":0,"comment_status":"closed","ping_status":"closed","sticky":false,"template":"","format":"gallery","meta":{"footnotes":""},"categories":[1],"tags":[],"class_list":["post-359","post","type-post","status-publish","format-gallery","hentry","category-non-classe","post_format-post-format-gallery"],"_links":{"self":[{"href":"http:\/\/triangle-de-weimar.org\/index.php\/wp-json\/wp\/v2\/posts\/359","targetHints":{"allow":["GET"]}}],"collection":[{"href":"http:\/\/triangle-de-weimar.org\/index.php\/wp-json\/wp\/v2\/posts"}],"about":[{"href":"http:\/\/triangle-de-weimar.org\/index.php\/wp-json\/wp\/v2\/types\/post"}],"author":[{"embeddable":true,"href":"http:\/\/triangle-de-weimar.org\/index.php\/wp-json\/wp\/v2\/users\/1"}],"replies":[{"embeddable":true,"href":"http:\/\/triangle-de-weimar.org\/index.php\/wp-json\/wp\/v2\/comments?post=359"}],"version-history":[{"count":3,"href":"http:\/\/triangle-de-weimar.org\/index.php\/wp-json\/wp\/v2\/posts\/359\/revisions"}],"predecessor-version":[{"id":383,"href":"http:\/\/triangle-de-weimar.org\/index.php\/wp-json\/wp\/v2\/posts\/359\/revisions\/383"}],"wp:attachment":[{"href":"http:\/\/triangle-de-weimar.org\/index.php\/wp-json\/wp\/v2\/media?parent=359"}],"wp:term":[{"taxonomy":"category","embeddable":true,"href":"http:\/\/triangle-de-weimar.org\/index.php\/wp-json\/wp\/v2\/categories?post=359"},{"taxonomy":"post_tag","embeddable":true,"href":"http:\/\/triangle-de-weimar.org\/index.php\/wp-json\/wp\/v2\/tags?post=359"}],"curies":[{"name":"wp","href":"https:\/\/api.w.org\/{rel}","templated":true}]}}