{"id":301,"date":"2024-07-15T21:05:38","date_gmt":"2024-07-15T19:05:38","guid":{"rendered":"http:\/\/triangle-de-weimar.org\/?p=301"},"modified":"2024-07-15T21:34:52","modified_gmt":"2024-07-15T19:34:52","slug":"rencontre-sur-le-theme-du-traite-de-lelysee","status":"publish","type":"post","link":"http:\/\/triangle-de-weimar.org\/index.php\/2024\/07\/15\/rencontre-sur-le-theme-du-traite-de-lelysee\/","title":{"rendered":"Rencontre sur le th\u00e8me du Trait\u00e9 de l\u2019\u00c9lys\u00e9e"},"content":{"rendered":"\n<p> Notre association est tr\u00e8s heureuse d\u2019avoir particip\u00e9 \u00e0 la conf\u00e9rence \u00ab 1963-2023, Le couple franco-allemand \u2013 O\u00f9 en sommes-nous apr\u00e8s 60 ans ? &#8211; \u00bb organis\u00e9e \u00e0 Sciences Po Lille par les associations ACLE et Visions d&rsquo;Europe.<\/p>\n\n\n\n<p>Cette conf\u00e9rence passionnante suivie de d\u00e9bats \u00e9tait anim\u00e9e par Monsieur J\u00e9r\u00f4me Vaillant, professeur d\u2019histoire \u00e9m\u00e9rite de l\u2019Universit\u00e9 de Lille et directeur de la publication de la revue \u00ab Allemagne d\u2019aujourd\u2019hui \u00bb. <\/p>\n\n\n\n<p>Cette rencontre fut aussi l\u2019occasion pour nous de nouer de nouveaux liens avec des associations franco-allemandes et europ\u00e9ennes du nord de la France, telles qu\u2019Interphaz &#8211; Europe Direct Lille M\u00e9tropole.<br><br>Pr\u00e9sent \u00e0 l\u2019\u00e9v\u00e9nement, notre repr\u00e9sentant dans les Hauts-de-France, Hugo Titeca, remercie chaleureusement les organisateurs ainsi que Monsieur Vaillant pour leur accueil au nom du Triangle de Weimar. <\/p>\n\n\n\n<p><\/p>\n\n\n\n<ul class=\"wp-block-gallery columns-3 is-cropped wp-block-gallery-1 is-layout-flex wp-block-gallery-is-layout-flex\"><li class=\"blocks-gallery-item\"><figure><img loading=\"lazy\" decoding=\"async\" width=\"768\" height=\"1024\" src=\"http:\/\/triangle-de-weimar.org\/wp-content\/uploads\/2024\/07\/TriWei2-5-768x1024.jpg\" alt=\"\" data-id=\"341\" data-link=\"http:\/\/triangle-de-weimar.org\/index.php\/2024\/07\/15\/rencontre-sur-le-theme-du-traite-de-lelysee\/triwei2-6\/\" class=\"wp-image-341\" srcset=\"http:\/\/triangle-de-weimar.org\/wp-content\/uploads\/2024\/07\/TriWei2-5-768x1024.jpg 768w, http:\/\/triangle-de-weimar.org\/wp-content\/uploads\/2024\/07\/TriWei2-5-225x300.jpg 225w\" sizes=\"auto, (max-width: 768px) 100vw, 768px\" \/><\/figure><\/li><li class=\"blocks-gallery-item\"><figure><img loading=\"lazy\" decoding=\"async\" width=\"768\" height=\"1024\" src=\"http:\/\/triangle-de-weimar.org\/wp-content\/uploads\/2024\/07\/TriWei1-3-768x1024.jpg\" alt=\"\" data-id=\"342\" data-link=\"http:\/\/triangle-de-weimar.org\/index.php\/2024\/07\/15\/rencontre-sur-le-theme-du-traite-de-lelysee\/triwei1-4\/\" class=\"wp-image-342\" srcset=\"http:\/\/triangle-de-weimar.org\/wp-content\/uploads\/2024\/07\/TriWei1-3-768x1024.jpg 768w, http:\/\/triangle-de-weimar.org\/wp-content\/uploads\/2024\/07\/TriWei1-3-225x300.jpg 225w\" sizes=\"auto, (max-width: 768px) 100vw, 768px\" \/><\/figure><\/li><li class=\"blocks-gallery-item\"><figure><img loading=\"lazy\" decoding=\"async\" width=\"768\" height=\"1024\" src=\"http:\/\/triangle-de-weimar.org\/wp-content\/uploads\/2024\/07\/TriWei3-7-768x1024.jpg\" alt=\"\" data-id=\"343\" data-link=\"http:\/\/triangle-de-weimar.org\/index.php\/2024\/07\/15\/rencontre-sur-le-theme-du-traite-de-lelysee\/triwei3-8\/\" class=\"wp-image-343\" srcset=\"http:\/\/triangle-de-weimar.org\/wp-content\/uploads\/2024\/07\/TriWei3-7-768x1024.jpg 768w, http:\/\/triangle-de-weimar.org\/wp-content\/uploads\/2024\/07\/TriWei3-7-225x300.jpg 225w\" sizes=\"auto, (max-width: 768px) 100vw, 768px\" \/><\/figure><\/li><\/ul>\n","protected":false},"excerpt":{"rendered":"<p>Notre association est tr\u00e8s heureuse d\u2019avoir particip\u00e9 \u00e0 la conf\u00e9rence \u00ab 1963-2023, Le couple franco-allemand \u2013 O\u00f9 en sommes-nous apr\u00e8s 60 ans ? &#8211; \u00bb organis\u00e9e \u00e0 Sciences Po Lille par les associations ACLE et Visions d&rsquo;Europe. Cette conf\u00e9rence passionnante &hellip; <a href=\"http:\/\/triangle-de-weimar.org\/index.php\/2024\/07\/15\/rencontre-sur-le-theme-du-traite-de-lelysee\/\">Continuer la lecture <span class=\"meta-nav\">&rarr;<\/span><\/a><\/p>\n","protected":false},"author":1,"featured_media":0,"comment_status":"closed","ping_status":"closed","sticky":false,"template":"","format":"gallery","meta":{"footnotes":""},"categories":[1],"tags":[],"class_list":["post-301","post","type-post","status-publish","format-gallery","hentry","category-non-classe","post_format-post-format-gallery"],"_links":{"self":[{"href":"http:\/\/triangle-de-weimar.org\/index.php\/wp-json\/wp\/v2\/posts\/301","targetHints":{"allow":["GET"]}}],"collection":[{"href":"http:\/\/triangle-de-weimar.org\/index.php\/wp-json\/wp\/v2\/posts"}],"about":[{"href":"http:\/\/triangle-de-weimar.org\/index.php\/wp-json\/wp\/v2\/types\/post"}],"author":[{"embeddable":true,"href":"http:\/\/triangle-de-weimar.org\/index.php\/wp-json\/wp\/v2\/users\/1"}],"replies":[{"embeddable":true,"href":"http:\/\/triangle-de-weimar.org\/index.php\/wp-json\/wp\/v2\/comments?post=301"}],"version-history":[{"count":5,"href":"http:\/\/triangle-de-weimar.org\/index.php\/wp-json\/wp\/v2\/posts\/301\/revisions"}],"predecessor-version":[{"id":344,"href":"http:\/\/triangle-de-weimar.org\/index.php\/wp-json\/wp\/v2\/posts\/301\/revisions\/344"}],"wp:attachment":[{"href":"http:\/\/triangle-de-weimar.org\/index.php\/wp-json\/wp\/v2\/media?parent=301"}],"wp:term":[{"taxonomy":"category","embeddable":true,"href":"http:\/\/triangle-de-weimar.org\/index.php\/wp-json\/wp\/v2\/categories?post=301"},{"taxonomy":"post_tag","embeddable":true,"href":"http:\/\/triangle-de-weimar.org\/index.php\/wp-json\/wp\/v2\/tags?post=301"}],"curies":[{"name":"wp","href":"https:\/\/api.w.org\/{rel}","templated":true}]}}