{"id":270,"date":"2022-12-25T13:51:56","date_gmt":"2022-12-25T12:51:56","guid":{"rendered":"http:\/\/triangle-de-weimar.org\/?p=270"},"modified":"2022-12-25T13:51:56","modified_gmt":"2022-12-25T12:51:56","slug":"les-membres-de-notre-association-rendent-visite-a-roland-dumas","status":"publish","type":"post","link":"http:\/\/triangle-de-weimar.org\/index.php\/2022\/12\/25\/les-membres-de-notre-association-rendent-visite-a-roland-dumas\/","title":{"rendered":"Les membres de notre association rendent visite \u00e0 Roland Dumas"},"content":{"rendered":"\n<p style=\"text-align:left\">Dans l\u2019approche de f\u00eates de No\u00ebl et \u00e0 l\u2019occasion de son centi\u00e8me anniversaire, nous avons eu le plaisir de rencontrer le Pr\u00e9sident d\u2019honneur de notre association \u00ab Triangle de Weimar \u00bb, M. Roland Dumas, dernier signataire vivant de l\u2019accord du \u00ab Triangle de Weimar \u00bb en tant que Ministre des affaires \u00e9trang\u00e8res avec Hans-Dietrich Genscher, Ministre des affaires \u00e9trang\u00e8res de l\u2019Allemagne et Krysztof Skubiszewski, Ministre des affaires \u00e9trang\u00e8res de la Pologne en 1991. <br><\/p>\n\n\n\n<ul class=\"wp-block-gallery columns-1 is-cropped wp-block-gallery-1 is-layout-flex wp-block-gallery-is-layout-flex\"><li class=\"blocks-gallery-item\"><figure><img loading=\"lazy\" decoding=\"async\" width=\"810\" height=\"744\" src=\"http:\/\/triangle-de-weimar.org\/wp-content\/uploads\/2022\/12\/Rencontre-du-14-d\u00e9cembre-2022-2-1.jpg\" alt=\"\" data-id=\"271\" data-link=\"http:\/\/triangle-de-weimar.org\/?attachment_id=271\" class=\"wp-image-271\" srcset=\"http:\/\/triangle-de-weimar.org\/wp-content\/uploads\/2022\/12\/Rencontre-du-14-d\u00e9cembre-2022-2-1.jpg 810w, http:\/\/triangle-de-weimar.org\/wp-content\/uploads\/2022\/12\/Rencontre-du-14-d\u00e9cembre-2022-2-1-300x276.jpg 300w, http:\/\/triangle-de-weimar.org\/wp-content\/uploads\/2022\/12\/Rencontre-du-14-d\u00e9cembre-2022-2-1-768x705.jpg 768w\" sizes=\"auto, (max-width: 810px) 100vw, 810px\" \/><\/figure><\/li><\/ul>\n\n\n\n<p>Nous avons pu \u00e9voquer avec lui cette p\u00e9riode de transition qui avait laiss\u00e9 les trois pays sans projet de r\u00e9unification, et pour laquelle M. Roland Dumas rappelait que l\u2019initiative de cette collaboration revenait \u00e0 M. Genscher qui avait constat\u00e9 que la plupart des guerres s\u2019\u00e9taient form\u00e9es \u00e0 partir de ces pays et qu\u2019il fallait anticiper en cr\u00e9ant des liens forts pour favoriser les relations pacifiques.\u00a0 Les trois ministres se sont concert\u00e9s et d\u2019un commun accord ont form\u00e9 le \u00ab Triangle de Weimar \u00bb qui a permis de r\u00e9gler des probl\u00e8mes politiques li\u00e9s \u00e0 la r\u00e9unification de l\u2019Allemagne et \u00e0 la<br> chute du r\u00e9gime sovi\u00e9tique.\u00a0<\/p>\n\n\n\n<p> Le \u00ab Triangle de Weimar \u00bb, association civile, a repris l\u2019esprit de cette coop\u00e9ration pour mettre en \u0153uvre des projets concrets entre les trois pays, particuli\u00e8rement pour les jeunes. M. Dumas a f\u00eat\u00e9 son 100\u00e8me anniversaire cette ann\u00e9e et nous le remercions pour cette visite amicale qui nous encourage \u00e0 poursuivre cette belle initiative de paix entre nos trois pays. <\/p>\n\n\n\n<p>Nous lui souhaitons de nombreuses joies pour les ann\u00e9es \u00e0 venir !<\/p>\n","protected":false},"excerpt":{"rendered":"<p>Dans l\u2019approche de f\u00eates de No\u00ebl et \u00e0 l\u2019occasion de son centi\u00e8me anniversaire, nous avons eu le plaisir de rencontrer le Pr\u00e9sident d\u2019honneur de notre association \u00ab Triangle de Weimar \u00bb, M. Roland Dumas, dernier signataire vivant de l\u2019accord du &hellip; <a href=\"http:\/\/triangle-de-weimar.org\/index.php\/2022\/12\/25\/les-membres-de-notre-association-rendent-visite-a-roland-dumas\/\">Continuer la lecture <span class=\"meta-nav\">&rarr;<\/span><\/a><\/p>\n","protected":false},"author":1,"featured_media":0,"comment_status":"closed","ping_status":"closed","sticky":false,"template":"","format":"gallery","meta":{"footnotes":""},"categories":[1],"tags":[],"class_list":["post-270","post","type-post","status-publish","format-gallery","hentry","category-non-classe","post_format-post-format-gallery"],"_links":{"self":[{"href":"http:\/\/triangle-de-weimar.org\/index.php\/wp-json\/wp\/v2\/posts\/270","targetHints":{"allow":["GET"]}}],"collection":[{"href":"http:\/\/triangle-de-weimar.org\/index.php\/wp-json\/wp\/v2\/posts"}],"about":[{"href":"http:\/\/triangle-de-weimar.org\/index.php\/wp-json\/wp\/v2\/types\/post"}],"author":[{"embeddable":true,"href":"http:\/\/triangle-de-weimar.org\/index.php\/wp-json\/wp\/v2\/users\/1"}],"replies":[{"embeddable":true,"href":"http:\/\/triangle-de-weimar.org\/index.php\/wp-json\/wp\/v2\/comments?post=270"}],"version-history":[{"count":2,"href":"http:\/\/triangle-de-weimar.org\/index.php\/wp-json\/wp\/v2\/posts\/270\/revisions"}],"predecessor-version":[{"id":273,"href":"http:\/\/triangle-de-weimar.org\/index.php\/wp-json\/wp\/v2\/posts\/270\/revisions\/273"}],"wp:attachment":[{"href":"http:\/\/triangle-de-weimar.org\/index.php\/wp-json\/wp\/v2\/media?parent=270"}],"wp:term":[{"taxonomy":"category","embeddable":true,"href":"http:\/\/triangle-de-weimar.org\/index.php\/wp-json\/wp\/v2\/categories?post=270"},{"taxonomy":"post_tag","embeddable":true,"href":"http:\/\/triangle-de-weimar.org\/index.php\/wp-json\/wp\/v2\/tags?post=270"}],"curies":[{"name":"wp","href":"https:\/\/api.w.org\/{rel}","templated":true}]}}