{"id":261,"date":"2022-10-04T23:51:39","date_gmt":"2022-10-04T21:51:39","guid":{"rendered":"http:\/\/triangle-de-weimar.org\/?p=261"},"modified":"2022-10-04T23:51:39","modified_gmt":"2022-10-04T21:51:39","slug":"hommage-a-frederic-chopin","status":"publish","type":"post","link":"http:\/\/triangle-de-weimar.org\/index.php\/2022\/10\/04\/hommage-a-frederic-chopin\/","title":{"rendered":"Hommage \u00e0 Fr\u00e9d\u00e9ric Chopin"},"content":{"rendered":"\n<figure class=\"wp-block-image\"><img loading=\"lazy\" decoding=\"async\" width=\"1024\" height=\"641\" src=\"http:\/\/triangle-de-weimar.org\/wp-content\/uploads\/2022\/10\/Chopin_1849-e1508232865960-1024x641.png\" alt=\"\" class=\"wp-image-263\" srcset=\"http:\/\/triangle-de-weimar.org\/wp-content\/uploads\/2022\/10\/Chopin_1849-e1508232865960-1024x641.png 1024w, http:\/\/triangle-de-weimar.org\/wp-content\/uploads\/2022\/10\/Chopin_1849-e1508232865960-300x188.png 300w, http:\/\/triangle-de-weimar.org\/wp-content\/uploads\/2022\/10\/Chopin_1849-e1508232865960-768x481.png 768w, http:\/\/triangle-de-weimar.org\/wp-content\/uploads\/2022\/10\/Chopin_1849-e1508232865960.png 1096w\" sizes=\"auto, (max-width: 1024px) 100vw, 1024px\" \/><\/figure>\n\n\n\n<p>\n\nDans la d\u00e9claration commune dite de Weimar du 29 Ao\u00fbt 1991, les 3 pays France, Pologne et Allemagne ont proclam\u00e9 que \u00ab la vie culturelle et le bien \u00eatre des peuples d&rsquo;Europe sont \u00e9troitement li\u00e9s ! Nous avons donc pour objectif commun d\u2018entretenir la richesse de notre patrimoine culturel europ\u00e9en ! \u00bb<br>A son niveau l\u2019association fran\u00e7aise Triangle de Weimar s&rsquo;efforce de faire vivre cette ambition.<\/p>\n\n\n\n<p>Consid\u00e9rant que les symboles sont tr\u00e8s importants pour nourrir l\u2018intelligence collective, et de plus dans un contexte international incertain et dangereux, notre association a d\u00e9cid\u00e9 de rendre hommage le mardi 18 Octobre \u00e0 l&rsquo;immense compositeur polonais Fr\u00e9d\u00e9ric Chopin, date anniversaire de son d\u00e9c\u00e8s en 1849.<br>Il s&rsquo;agira de d\u00e9poser une gerbe sur sa tombe au cimeti\u00e8re du P\u00e8re Lachaise \u00e0 partir de 16:00 et de se recueillir en sa m\u00e9moire, lui qui fut aussi, \u00e0 sa mani\u00e8re et \u00e0 son \u00e9poque, un citoyen de l\u2018Europe.<br>Il va de soi que toutes celles et tous ceux qui partagent ces valeurs sont les bienvenus pour partager ce moment.\n\n<\/p>\n","protected":false},"excerpt":{"rendered":"<p>Dans la d\u00e9claration commune dite de Weimar du 29 Ao\u00fbt 1991, les 3 pays France, Pologne et Allemagne ont proclam\u00e9 que \u00ab la vie culturelle et le bien \u00eatre des peuples d&rsquo;Europe sont \u00e9troitement li\u00e9s ! Nous avons donc pour &hellip; <a href=\"http:\/\/triangle-de-weimar.org\/index.php\/2022\/10\/04\/hommage-a-frederic-chopin\/\">Continuer la lecture <span class=\"meta-nav\">&rarr;<\/span><\/a><\/p>\n","protected":false},"author":1,"featured_media":0,"comment_status":"closed","ping_status":"closed","sticky":false,"template":"","format":"gallery","meta":{"footnotes":""},"categories":[1],"tags":[],"class_list":["post-261","post","type-post","status-publish","format-gallery","hentry","category-non-classe","post_format-post-format-gallery"],"_links":{"self":[{"href":"http:\/\/triangle-de-weimar.org\/index.php\/wp-json\/wp\/v2\/posts\/261","targetHints":{"allow":["GET"]}}],"collection":[{"href":"http:\/\/triangle-de-weimar.org\/index.php\/wp-json\/wp\/v2\/posts"}],"about":[{"href":"http:\/\/triangle-de-weimar.org\/index.php\/wp-json\/wp\/v2\/types\/post"}],"author":[{"embeddable":true,"href":"http:\/\/triangle-de-weimar.org\/index.php\/wp-json\/wp\/v2\/users\/1"}],"replies":[{"embeddable":true,"href":"http:\/\/triangle-de-weimar.org\/index.php\/wp-json\/wp\/v2\/comments?post=261"}],"version-history":[{"count":2,"href":"http:\/\/triangle-de-weimar.org\/index.php\/wp-json\/wp\/v2\/posts\/261\/revisions"}],"predecessor-version":[{"id":265,"href":"http:\/\/triangle-de-weimar.org\/index.php\/wp-json\/wp\/v2\/posts\/261\/revisions\/265"}],"wp:attachment":[{"href":"http:\/\/triangle-de-weimar.org\/index.php\/wp-json\/wp\/v2\/media?parent=261"}],"wp:term":[{"taxonomy":"category","embeddable":true,"href":"http:\/\/triangle-de-weimar.org\/index.php\/wp-json\/wp\/v2\/categories?post=261"},{"taxonomy":"post_tag","embeddable":true,"href":"http:\/\/triangle-de-weimar.org\/index.php\/wp-json\/wp\/v2\/tags?post=261"}],"curies":[{"name":"wp","href":"https:\/\/api.w.org\/{rel}","templated":true}]}}