{"id":234,"date":"2022-01-02T18:53:54","date_gmt":"2022-01-02T17:53:54","guid":{"rendered":"http:\/\/triangle-de-weimar.org\/?p=234"},"modified":"2022-02-28T23:15:24","modified_gmt":"2022-02-28T22:15:24","slug":"felicitations-a-nos-trois-laureats","status":"publish","type":"post","link":"http:\/\/triangle-de-weimar.org\/index.php\/2022\/01\/02\/felicitations-a-nos-trois-laureats\/","title":{"rendered":"F\u00e9licitations \u00e0 nos trois laur\u00e9ats!"},"content":{"rendered":"\n<ul class=\"wp-block-gallery columns-3 is-cropped wp-block-gallery-1 is-layout-flex wp-block-gallery-is-layout-flex\"><li class=\"blocks-gallery-item\"><figure><img loading=\"lazy\" decoding=\"async\" width=\"1024\" height=\"768\" src=\"http:\/\/triangle-de-weimar.org\/wp-content\/uploads\/2022\/01\/20211122_235257-1024x768.jpg\" alt=\"\" data-id=\"235\" data-link=\"http:\/\/triangle-de-weimar.org\/?attachment_id=235\" class=\"wp-image-235\" srcset=\"http:\/\/triangle-de-weimar.org\/wp-content\/uploads\/2022\/01\/20211122_235257-1024x768.jpg 1024w, http:\/\/triangle-de-weimar.org\/wp-content\/uploads\/2022\/01\/20211122_235257-300x225.jpg 300w, http:\/\/triangle-de-weimar.org\/wp-content\/uploads\/2022\/01\/20211122_235257-768x576.jpg 768w\" sizes=\"auto, (max-width: 1024px) 100vw, 1024px\" \/><\/figure><\/li><li class=\"blocks-gallery-item\"><figure><img loading=\"lazy\" decoding=\"async\" width=\"1024\" height=\"498\" src=\"http:\/\/triangle-de-weimar.org\/wp-content\/uploads\/2022\/01\/3-laur\u00e9ats-1024x498.jpg\" alt=\"\" data-id=\"236\" data-link=\"http:\/\/triangle-de-weimar.org\/?attachment_id=236\" class=\"wp-image-236\" srcset=\"http:\/\/triangle-de-weimar.org\/wp-content\/uploads\/2022\/01\/3-laur\u00e9ats-1024x498.jpg 1024w, http:\/\/triangle-de-weimar.org\/wp-content\/uploads\/2022\/01\/3-laur\u00e9ats-300x146.jpg 300w, http:\/\/triangle-de-weimar.org\/wp-content\/uploads\/2022\/01\/3-laur\u00e9ats-768x373.jpg 768w\" sizes=\"auto, (max-width: 1024px) 100vw, 1024px\" \/><\/figure><\/li><li class=\"blocks-gallery-item\"><figure><img loading=\"lazy\" decoding=\"async\" width=\"1024\" height=\"768\" src=\"http:\/\/triangle-de-weimar.org\/wp-content\/uploads\/2022\/01\/20211122_195349_001-1024x768.jpg\" alt=\"\" data-id=\"237\" data-link=\"http:\/\/triangle-de-weimar.org\/?attachment_id=237\" class=\"wp-image-237\" srcset=\"http:\/\/triangle-de-weimar.org\/wp-content\/uploads\/2022\/01\/20211122_195349_001-1024x768.jpg 1024w, http:\/\/triangle-de-weimar.org\/wp-content\/uploads\/2022\/01\/20211122_195349_001-300x225.jpg 300w, http:\/\/triangle-de-weimar.org\/wp-content\/uploads\/2022\/01\/20211122_195349_001-768x576.jpg 768w\" sizes=\"auto, (max-width: 1024px) 100vw, 1024px\" \/><\/figure><\/li><li class=\"blocks-gallery-item\"><figure><img loading=\"lazy\" decoding=\"async\" width=\"1024\" height=\"768\" src=\"http:\/\/triangle-de-weimar.org\/wp-content\/uploads\/2022\/01\/table-ronde-1024x768.jpg\" alt=\"\" data-id=\"238\" data-link=\"http:\/\/triangle-de-weimar.org\/?attachment_id=238\" class=\"wp-image-238\" srcset=\"http:\/\/triangle-de-weimar.org\/wp-content\/uploads\/2022\/01\/table-ronde-1024x768.jpg 1024w, http:\/\/triangle-de-weimar.org\/wp-content\/uploads\/2022\/01\/table-ronde-300x225.jpg 300w, http:\/\/triangle-de-weimar.org\/wp-content\/uploads\/2022\/01\/table-ronde-768x576.jpg 768w, http:\/\/triangle-de-weimar.org\/wp-content\/uploads\/2022\/01\/table-ronde.jpg 1080w\" sizes=\"auto, (max-width: 1024px) 100vw, 1024px\" \/><\/figure><\/li><li class=\"blocks-gallery-item\"><figure><img loading=\"lazy\" decoding=\"async\" width=\"1024\" height=\"570\" src=\"http:\/\/triangle-de-weimar.org\/wp-content\/uploads\/2022\/01\/Capture-d\u2019\u00e9cran-367-1024x570.png\" alt=\"\" data-id=\"239\" data-link=\"http:\/\/triangle-de-weimar.org\/?attachment_id=239\" class=\"wp-image-239\" srcset=\"http:\/\/triangle-de-weimar.org\/wp-content\/uploads\/2022\/01\/Capture-d\u2019\u00e9cran-367-1024x570.png 1024w, http:\/\/triangle-de-weimar.org\/wp-content\/uploads\/2022\/01\/Capture-d\u2019\u00e9cran-367-300x167.png 300w, http:\/\/triangle-de-weimar.org\/wp-content\/uploads\/2022\/01\/Capture-d\u2019\u00e9cran-367-768x427.png 768w, http:\/\/triangle-de-weimar.org\/wp-content\/uploads\/2022\/01\/Capture-d\u2019\u00e9cran-367.png 1344w\" sizes=\"auto, (max-width: 1024px) 100vw, 1024px\" \/><\/figure><\/li><\/ul>\n\n\n\n<p>Le 22 novembre avait lieu au <a href=\"https:\/\/www.facebook.com\/GoetheInstitutParis\/?__cft__[0]=AZUQ8e39hxN7aeVv8LBziku3pdlfp_yTxZRQWQPXzvPWcGmQZMzb5H6wsi_YFplEYVFxFnafI3nnmzfnwSCpnQ_SYb-JAeHEl96tGxm9kl0Wv33f32iORvnMV2fDM9kj52-_Md2fhVZfWU4UreIUFtM2Pqe6HYBbWtmGyNVF-3rKVQ&amp;__tn__=kK-R\">Goethe-Institut Paris<\/a> notre conf\u00e9rence sur Napol\u00e9on et l&rsquo;Europe d&rsquo;aujourd&rsquo;hui ; l&rsquo;occasion de remettre \u00e0 nos laur\u00e9ats les prix pour leurs brillants essais sur l&rsquo;influence de Napol\u00e9on sur leur pays, la France, l&rsquo;Allemagne et la Pologne. F\u00e9licitations \u00e0 Attila Saadaoui, Hubert Korzeniowski, et Eymeric Job pour leurs travaux. Ils ont particip\u00e9 \u00e0 une table ronde passionnante, anim\u00e9e par Mathieu Schwartz, avec Thierry Lentz, directeur de la Fondation Napol\u00e9on \u00e0 Paris, Johannes Willms, historien et journaliste et Jaros\u0142aw Czubaty de l\u2019Universit\u00e9 de Varsovie. Le ministre pl\u00e9nipotentiaire de l\u2019Ambassade de la R\u00e9publique F\u00e9d\u00e9rale d\u2019Allemagne Martin Sch\u00e4fer, Micha\u0142 Piotrowski, Chef du Service Politique de l\u2019Ambassade de Pologne en France, Val\u00e9rie Boyer, S\u00e9natrice, Pr\u00e9sidente du groupe d\u2019amiti\u00e9 France-Pologne, Ronan Le Gleut, S\u00e9nateur, Pr\u00e9sident du groupe d\u2019amiti\u00e9 France-Allemagne et Dominika Rutkowska du Minist\u00e8re de l\u2019Europe et des Affaires Etrang\u00e8res, Direction de l\u2019Union europ\u00e9enne nous ont aussi fait l&rsquo;honneur de leur pr\u00e9sence et de leur attachement \u00e0 l&rsquo;amiti\u00e9 entre nos trois pays. Un grand merci \u00e0 tous les participants et tous nos partenaires pour ce moment de partage trinational !  <\/p>\n\n\n\n<p>Vous pouvez consulter les essais des laur\u00e9ats ci-dessous:  <\/p>\n\n\n\n<div class=\"wp-block-file\"><a href=\"http:\/\/triangle-de-weimar.org\/wp-content\/uploads\/2022\/01\/Essai_Attila-Philipp-Saadaoui_laur\u00e9at-allemand.pdf\">Essai_Attila Philipp Saadaoui_laur\u00e9at allemand<\/a><a href=\"http:\/\/triangle-de-weimar.org\/wp-content\/uploads\/2022\/01\/Essai_Attila-Philipp-Saadaoui_laur\u00e9at-allemand.pdf\" class=\"wp-block-file__button\" download>T\u00e9l\u00e9charger<\/a><\/div>\n\n\n\n<div class=\"wp-block-file\"><a href=\"http:\/\/triangle-de-weimar.org\/wp-content\/uploads\/2022\/01\/Essai_Eymeric-Job_laur\u00e9at-fran\u00e7ais.pdf\">Essai_Eymeric Job_laur\u00e9at fran\u00e7ais<\/a><a href=\"http:\/\/triangle-de-weimar.org\/wp-content\/uploads\/2022\/01\/Essai_Eymeric-Job_laur\u00e9at-fran\u00e7ais.pdf\" class=\"wp-block-file__button\" download>T\u00e9l\u00e9charger<\/a><\/div>\n\n\n\n<div class=\"wp-block-file\"><a href=\"http:\/\/triangle-de-weimar.org\/wp-content\/uploads\/2022\/01\/Essai_Hubert-Korzeniowski_laur\u00e9at-polonais.pdf\">Essai_Hubert Korzeniowski_laur\u00e9at polonais<\/a><a href=\"http:\/\/triangle-de-weimar.org\/wp-content\/uploads\/2022\/01\/Essai_Hubert-Korzeniowski_laur\u00e9at-polonais.pdf\" class=\"wp-block-file__button\" download>T\u00e9l\u00e9charger<\/a><\/div>\n","protected":false},"excerpt":{"rendered":"<p>Le 22 novembre avait lieu au Goethe-Institut Paris notre conf\u00e9rence sur Napol\u00e9on et l&rsquo;Europe d&rsquo;aujourd&rsquo;hui ; l&rsquo;occasion de remettre \u00e0 nos laur\u00e9ats les prix pour leurs brillants essais sur l&rsquo;influence de Napol\u00e9on sur leur pays, la France, l&rsquo;Allemagne et la &hellip; <a href=\"http:\/\/triangle-de-weimar.org\/index.php\/2022\/01\/02\/felicitations-a-nos-trois-laureats\/\">Continuer la lecture <span class=\"meta-nav\">&rarr;<\/span><\/a><\/p>\n","protected":false},"author":1,"featured_media":0,"comment_status":"closed","ping_status":"closed","sticky":false,"template":"","format":"gallery","meta":{"footnotes":""},"categories":[1],"tags":[],"class_list":["post-234","post","type-post","status-publish","format-gallery","hentry","category-non-classe","post_format-post-format-gallery"],"_links":{"self":[{"href":"http:\/\/triangle-de-weimar.org\/index.php\/wp-json\/wp\/v2\/posts\/234","targetHints":{"allow":["GET"]}}],"collection":[{"href":"http:\/\/triangle-de-weimar.org\/index.php\/wp-json\/wp\/v2\/posts"}],"about":[{"href":"http:\/\/triangle-de-weimar.org\/index.php\/wp-json\/wp\/v2\/types\/post"}],"author":[{"embeddable":true,"href":"http:\/\/triangle-de-weimar.org\/index.php\/wp-json\/wp\/v2\/users\/1"}],"replies":[{"embeddable":true,"href":"http:\/\/triangle-de-weimar.org\/index.php\/wp-json\/wp\/v2\/comments?post=234"}],"version-history":[{"count":5,"href":"http:\/\/triangle-de-weimar.org\/index.php\/wp-json\/wp\/v2\/posts\/234\/revisions"}],"predecessor-version":[{"id":251,"href":"http:\/\/triangle-de-weimar.org\/index.php\/wp-json\/wp\/v2\/posts\/234\/revisions\/251"}],"wp:attachment":[{"href":"http:\/\/triangle-de-weimar.org\/index.php\/wp-json\/wp\/v2\/media?parent=234"}],"wp:term":[{"taxonomy":"category","embeddable":true,"href":"http:\/\/triangle-de-weimar.org\/index.php\/wp-json\/wp\/v2\/categories?post=234"},{"taxonomy":"post_tag","embeddable":true,"href":"http:\/\/triangle-de-weimar.org\/index.php\/wp-json\/wp\/v2\/tags?post=234"}],"curies":[{"name":"wp","href":"https:\/\/api.w.org\/{rel}","templated":true}]}}